{"id":10167,"date":"2020-02-28T12:29:45","date_gmt":"2020-02-28T12:29:45","guid":{"rendered":"http:\/\/roaruiz.com\/?p=10167"},"modified":"2020-03-29T15:45:26","modified_gmt":"2020-03-29T15:45:26","slug":"la-incapacidad-temporal-durante-las-vacaciones","status":"publish","type":"post","link":"https:\/\/roaruiz.com\/en\/la-incapacidad-temporal-durante-las-vacaciones\/","title":{"rendered":"La incapacidad temporal durante las vacaciones"},"content":{"rendered":"<div class=\"row\"><div class=\"wpv-grid grid-1-1  wpv-first-level first unextended\" style=\"padding-top:0px;padding-bottom:0px\" id=\"wpv-column-bc6f6d910fbd38e128f12eb5d2b2e377\" ><p><i>\u00bfQu\u00e9 ocurre si estando el trabajador de vacaciones sufre una baja por incapacidad temporal? \u00bfTiene derecho a recuperar esos d\u00edas de vacaciones perdidos?<\/i><\/p>\n<hr \/>\n<p>Imagina que, despu\u00e9s de meses de duro y estresante trabajo, estas disfrutando del primer d\u00eda de una fant\u00e1stica semana de vacaciones junto a tus familiares m\u00e1s queridos en las playas de <strong>Ibiza<\/strong>.<\/p>\n<p>De repente, en un momento de descuido, sufres un torpe accidente que te obliga a acudir al hospital de urgencias por un fuerte dolor en el tobillo. Estando all\u00ed, te diagnostican lo peor: un esguince de tobillo que te va a obligar a estar dos semanas de baja por incapacidad temporal.<\/p>\n<p>\u00bfY ahora qu\u00e9? \u00bfHas perdido el derecho a esas vacaciones devengadas? \u00bfPodr\u00e1s recuperar en un futuro los d\u00edas de vacaciones afectados por la baja?<\/p>\n<p>Pues bien, la <a href=\"http:\/\/www.poderjudicial.es\/search\/AN\/openDocument\/bf9bee0ef7dc7147\/20180921\">Sentencia del Tribunal Supremo de 4 de julio de 2018<\/a>\u00a0haciendo referencia a la <a href=\"http:\/\/curia.europa.eu\/juris\/document\/document.jsf?text=&amp;docid=124190&amp;pageIndex=0&amp;doclang=es&amp;mode=lst&amp;dir=&amp;occ=first&amp;part=1&amp;cid=3193673\">Sentencia del Tribunal de Justicia de la Uni\u00f3n Europea de 21 de junio de 2012<\/a> deja claro que:<\/p>\n<p><em>\u00abel trabajador tiene derecho a disfrutar de sus vacaciones anuales retribuidas coincidentes con un per\u00edodo de baja por enfermedad en un per\u00edodo posterior, con independencia del momento en que haya sobrevenido esa incapacidad laboral.\u00bb<\/em><\/p>\n<p>Por consiguiente, para el caso en el que el trabajador estando de vacaciones padezca una enfermedad o un accidente y acuda al hospital y el m\u00e9dico curse la <strong>baja por incapacidad temporal<\/strong>, el trabajador tendr\u00e1 <strong>derecho a disfrutar las vacaciones que le resten<\/strong>, desde el d\u00eda en el que ha sido dado de baja, <strong>durante otro momento del a\u00f1o<\/strong>.<\/div><\/div>","protected":false},"excerpt":{"rendered":"<p>\u00bfQu\u00e9 ocurre si estando el trabajador de vacaciones sufre una baja por incapacidad temporal? \u00bfTiene derecho a recuperar esos d\u00edas de vacaciones perdidos? Imagina que, despu\u00e9s de meses de duro y estresante trabajo, estas disfrutando del primer d\u00eda de una fant\u00e1stica semana de vacaciones junto a tus familiares m\u00e1s queridos en las playas de Ibiza&#8230;.<\/p>","protected":false},"author":1,"featured_media":10199,"comment_status":"open","ping_status":"open","sticky":false,"template":"","format":"standard","meta":[],"categories":[43,1],"tags":[],"yoast_head":"<!-- This site is optimized with the Yoast SEO plugin v16.6.1 - https:\/\/yoast.com\/wordpress\/plugins\/seo\/ -->\n<title>La incapacidad temporal durante las vacaciones - Roa Ruiz Abogados Ibiza<\/title>\n<meta name=\"robots\" content=\"index, follow, max-snippet:-1, max-image-preview:large, max-video-preview:-1\" \/>\n<link rel=\"canonical\" href=\"https:\/\/roaruiz.com\/en\/la-incapacidad-temporal-durante-las-vacaciones\/\" \/>\n<meta property=\"og:locale\" content=\"en_GB\" \/>\n<meta property=\"og:type\" content=\"article\" \/>\n<meta property=\"og:title\" content=\"La incapacidad temporal durante las vacaciones - Roa Ruiz Abogados Ibiza\" \/>\n<meta property=\"og:description\" content=\"\u00bfQu\u00e9 ocurre si estando el trabajador de vacaciones sufre una baja por incapacidad temporal? \u00bfTiene derecho a recuperar esos d\u00edas de vacaciones perdidos? Imagina que, despu\u00e9s de meses de duro y estresante trabajo, estas disfrutando del primer d\u00eda de una fant\u00e1stica semana de vacaciones junto a tus familiares m\u00e1s queridos en las playas de Ibiza....\" \/>\n<meta property=\"og:url\" content=\"https:\/\/roaruiz.com\/en\/la-incapacidad-temporal-durante-las-vacaciones\/\" \/>\n<meta property=\"og:site_name\" content=\"Roa Ruiz Abogados Ibiza\" \/>\n<meta property=\"article:published_time\" content=\"2020-02-28T12:29:45+00:00\" \/>\n<meta property=\"article:modified_time\" content=\"2020-03-29T15:45:26+00:00\" \/>\n<meta property=\"og:image\" content=\"http:\/\/roaruiz.com\/wp-content\/uploads\/2020\/01\/woman-791541_1280.jpg\" \/>\n\t<meta property=\"og:image:width\" content=\"1280\" \/>\n\t<meta property=\"og:image:height\" content=\"853\" \/>\n<meta name=\"twitter:card\" content=\"summary\" \/>\n<meta name=\"twitter:label1\" content=\"Estimated reading time\" \/>\n\t<meta name=\"twitter:data1\" content=\"1 minute\" \/>\n<script type=\"application\/ld+json\" class=\"yoast-schema-graph\">{\"@context\":\"https:\/\/schema.org\",\"@graph\":[{\"@type\":\"WebSite\",\"@id\":\"https:\/\/roaruiz.com\/#website\",\"url\":\"https:\/\/roaruiz.com\/\",\"name\":\"Roa Ruiz Abogados Ibiza\",\"description\":\"\",\"potentialAction\":[{\"@type\":\"SearchAction\",\"target\":{\"@type\":\"EntryPoint\",\"urlTemplate\":\"https:\/\/roaruiz.com\/?s={search_term_string}\"},\"query-input\":\"required name=search_term_string\"}],\"inLanguage\":\"en-GB\"},{\"@type\":\"ImageObject\",\"@id\":\"https:\/\/roaruiz.com\/la-incapacidad-temporal-durante-las-vacaciones\/#primaryimage\",\"inLanguage\":\"en-GB\",\"url\":\"https:\/\/roaruiz.com\/wp-content\/uploads\/2020\/01\/woman-791541_1280.jpg\",\"contentUrl\":\"https:\/\/roaruiz.com\/wp-content\/uploads\/2020\/01\/woman-791541_1280.jpg\",\"width\":1280,\"height\":853,\"caption\":\"Roa Ruiz Abogados\"},{\"@type\":\"WebPage\",\"@id\":\"https:\/\/roaruiz.com\/la-incapacidad-temporal-durante-las-vacaciones\/#webpage\",\"url\":\"https:\/\/roaruiz.com\/la-incapacidad-temporal-durante-las-vacaciones\/\",\"name\":\"La incapacidad temporal durante las vacaciones - Roa Ruiz Abogados Ibiza\",\"isPartOf\":{\"@id\":\"https:\/\/roaruiz.com\/#website\"},\"primaryImageOfPage\":{\"@id\":\"https:\/\/roaruiz.com\/la-incapacidad-temporal-durante-las-vacaciones\/#primaryimage\"},\"datePublished\":\"2020-02-28T12:29:45+00:00\",\"dateModified\":\"2020-03-29T15:45:26+00:00\",\"author\":{\"@id\":\"https:\/\/roaruiz.com\/#\/schema\/person\/8ef2453fa798437966f69b6f1615e627\"},\"breadcrumb\":{\"@id\":\"https:\/\/roaruiz.com\/la-incapacidad-temporal-durante-las-vacaciones\/#breadcrumb\"},\"inLanguage\":\"en-GB\",\"potentialAction\":[{\"@type\":\"ReadAction\",\"target\":[\"https:\/\/roaruiz.com\/la-incapacidad-temporal-durante-las-vacaciones\/\"]}]},{\"@type\":\"BreadcrumbList\",\"@id\":\"https:\/\/roaruiz.com\/la-incapacidad-temporal-durante-las-vacaciones\/#breadcrumb\",\"itemListElement\":[{\"@type\":\"ListItem\",\"position\":1,\"name\":\"Portada\",\"item\":\"https:\/\/roaruiz.com\/\"},{\"@type\":\"ListItem\",\"position\":2,\"name\":\"La incapacidad temporal durante las vacaciones\"}]},{\"@type\":\"Person\",\"@id\":\"https:\/\/roaruiz.com\/#\/schema\/person\/8ef2453fa798437966f69b6f1615e627\",\"name\":\"Roaruiz\",\"image\":{\"@type\":\"ImageObject\",\"@id\":\"https:\/\/roaruiz.com\/#personlogo\",\"inLanguage\":\"en-GB\",\"url\":\"https:\/\/secure.gravatar.com\/avatar\/b3ca2847565b2533ab40eb9ea5c5d256?s=96&d=mm&r=g\",\"contentUrl\":\"https:\/\/secure.gravatar.com\/avatar\/b3ca2847565b2533ab40eb9ea5c5d256?s=96&d=mm&r=g\",\"caption\":\"Roaruiz\"},\"url\":\"https:\/\/roaruiz.com\/en\/author\/roaruiz\/\"}]}<\/script>\n<!-- \/ Yoast SEO plugin. -->","_links":{"self":[{"href":"https:\/\/roaruiz.com\/en\/wp-json\/wp\/v2\/posts\/10167"}],"collection":[{"href":"https:\/\/roaruiz.com\/en\/wp-json\/wp\/v2\/posts"}],"about":[{"href":"https:\/\/roaruiz.com\/en\/wp-json\/wp\/v2\/types\/post"}],"author":[{"embeddable":true,"href":"https:\/\/roaruiz.com\/en\/wp-json\/wp\/v2\/users\/1"}],"replies":[{"embeddable":true,"href":"https:\/\/roaruiz.com\/en\/wp-json\/wp\/v2\/comments?post=10167"}],"version-history":[{"count":4,"href":"https:\/\/roaruiz.com\/en\/wp-json\/wp\/v2\/posts\/10167\/revisions"}],"predecessor-version":[{"id":10204,"href":"https:\/\/roaruiz.com\/en\/wp-json\/wp\/v2\/posts\/10167\/revisions\/10204"}],"wp:featuredmedia":[{"embeddable":true,"href":"https:\/\/roaruiz.com\/en\/wp-json\/wp\/v2\/media\/10199"}],"wp:attachment":[{"href":"https:\/\/roaruiz.com\/en\/wp-json\/wp\/v2\/media?parent=10167"}],"wp:term":[{"taxonomy":"category","embeddable":true,"href":"https:\/\/roaruiz.com\/en\/wp-json\/wp\/v2\/categories?post=10167"},{"taxonomy":"post_tag","embeddable":true,"href":"https:\/\/roaruiz.com\/en\/wp-json\/wp\/v2\/tags?post=10167"}],"curies":[{"name":"wp","href":"https:\/\/api.w.org\/{rel}","templated":true}]}}